{"id":449,"date":"2026-04-02T08:13:49","date_gmt":"2026-04-02T06:13:49","guid":{"rendered":"https:\/\/skolkahaj.cz\/jidelna\/?p=449"},"modified":"2026-04-02T08:13:49","modified_gmt":"2026-04-02T06:13:49","slug":"zmena-casu-vydeje-do-nosicu-v-zs-haj-ve-slezsku","status":"publish","type":"post","link":"https:\/\/skolkahaj.cz\/jidelna\/2026\/04\/02\/zmena-casu-vydeje-do-nosicu-v-zs-haj-ve-slezsku\/","title":{"rendered":"Zm\u011bna \u010dasu v\u00fddeje do nosi\u010d\u016f v Z\u0160 H\u00e1j ve Slezsku"},"content":{"rendered":"<p><span style=\"font-size: 24pt;color: #0000ff\">V\u00fddejna Z\u0160 H\u00e1j ve Slezsku:<\/span><\/p>\n<p><span style=\"font-size: 18pt;color: #0000ff\">Do nosi\u010d\u016f se nov\u011b pln\u00ed ob\u011bdy v dob\u011b od 12.00 &#8211; 12.20 hod.<\/span><\/p>\n","protected":false},"excerpt":{"rendered":"<p>V\u00fddejna Z\u0160 H\u00e1j ve Slezsku: Do nosi\u010d\u016f se nov\u011b pln\u00ed ob\u011bdy v dob\u011b od 12.00 &#8211; 12.20 hod.<\/p>\n","protected":false},"author":10,"featured_media":0,"comment_status":"closed","ping_status":"closed","sticky":false,"template":"","format":"standard","meta":[],"categories":[1],"tags":[],"_links":{"self":[{"href":"https:\/\/skolkahaj.cz\/jidelna\/wp-json\/wp\/v2\/posts\/449"}],"collection":[{"href":"https:\/\/skolkahaj.cz\/jidelna\/wp-json\/wp\/v2\/posts"}],"about":[{"href":"https:\/\/skolkahaj.cz\/jidelna\/wp-json\/wp\/v2\/types\/post"}],"author":[{"embeddable":true,"href":"https:\/\/skolkahaj.cz\/jidelna\/wp-json\/wp\/v2\/users\/10"}],"replies":[{"embeddable":true,"href":"https:\/\/skolkahaj.cz\/jidelna\/wp-json\/wp\/v2\/comments?post=449"}],"version-history":[{"count":1,"href":"https:\/\/skolkahaj.cz\/jidelna\/wp-json\/wp\/v2\/posts\/449\/revisions"}],"predecessor-version":[{"id":450,"href":"https:\/\/skolkahaj.cz\/jidelna\/wp-json\/wp\/v2\/posts\/449\/revisions\/450"}],"wp:attachment":[{"href":"https:\/\/skolkahaj.cz\/jidelna\/wp-json\/wp\/v2\/media?parent=449"}],"wp:term":[{"taxonomy":"category","embeddable":true,"href":"https:\/\/skolkahaj.cz\/jidelna\/wp-json\/wp\/v2\/categories?post=449"},{"taxonomy":"post_tag","embeddable":true,"href":"https:\/\/skolkahaj.cz\/jidelna\/wp-json\/wp\/v2\/tags?post=449"}],"curies":[{"name":"wp","href":"https:\/\/api.w.org\/{rel}","templated":true}]}}