{"id":366,"date":"2025-02-28T06:36:59","date_gmt":"2025-02-28T05:36:59","guid":{"rendered":"https:\/\/skolkahaj.cz\/jidelna\/?p=366"},"modified":"2025-02-28T06:36:59","modified_gmt":"2025-02-28T05:36:59","slug":"zmena-cen-stravneho-od-1-brezna-2025","status":"publish","type":"post","link":"https:\/\/skolkahaj.cz\/jidelna\/2025\/02\/28\/zmena-cen-stravneho-od-1-brezna-2025\/","title":{"rendered":"Zm\u011bna cen stravn\u00e9ho od 1.b\u0159ezna 2025"},"content":{"rendered":"<p>Z d\u016fvodu n\u00e1rustu cen potravin se s platnost\u00ed<\/p>\n<p>od 1. b\u0159ezna 2025 m\u011bn\u00ed ceny stravn\u00e9ho<\/p>\n<p>viz. p\u0159\u00edloha k vnit\u0159n\u00edmu \u0159\u00e1du \u0160J nebo v cen\u00edku stravn\u00e9ho<\/p>\n<p>&nbsp;<\/p>\n","protected":false},"excerpt":{"rendered":"<p>Z d\u016fvodu n\u00e1rustu cen potravin se s platnost\u00ed od 1. b\u0159ezna 2025 m\u011bn\u00ed ceny stravn\u00e9ho viz. p\u0159\u00edloha k vnit\u0159n\u00edmu \u0159\u00e1du \u0160J nebo v cen\u00edku stravn\u00e9ho &nbsp;<\/p>\n","protected":false},"author":10,"featured_media":0,"comment_status":"closed","ping_status":"closed","sticky":false,"template":"","format":"standard","meta":[],"categories":[1],"tags":[],"_links":{"self":[{"href":"https:\/\/skolkahaj.cz\/jidelna\/wp-json\/wp\/v2\/posts\/366"}],"collection":[{"href":"https:\/\/skolkahaj.cz\/jidelna\/wp-json\/wp\/v2\/posts"}],"about":[{"href":"https:\/\/skolkahaj.cz\/jidelna\/wp-json\/wp\/v2\/types\/post"}],"author":[{"embeddable":true,"href":"https:\/\/skolkahaj.cz\/jidelna\/wp-json\/wp\/v2\/users\/10"}],"replies":[{"embeddable":true,"href":"https:\/\/skolkahaj.cz\/jidelna\/wp-json\/wp\/v2\/comments?post=366"}],"version-history":[{"count":1,"href":"https:\/\/skolkahaj.cz\/jidelna\/wp-json\/wp\/v2\/posts\/366\/revisions"}],"predecessor-version":[{"id":367,"href":"https:\/\/skolkahaj.cz\/jidelna\/wp-json\/wp\/v2\/posts\/366\/revisions\/367"}],"wp:attachment":[{"href":"https:\/\/skolkahaj.cz\/jidelna\/wp-json\/wp\/v2\/media?parent=366"}],"wp:term":[{"taxonomy":"category","embeddable":true,"href":"https:\/\/skolkahaj.cz\/jidelna\/wp-json\/wp\/v2\/categories?post=366"},{"taxonomy":"post_tag","embeddable":true,"href":"https:\/\/skolkahaj.cz\/jidelna\/wp-json\/wp\/v2\/tags?post=366"}],"curies":[{"name":"wp","href":"https:\/\/api.w.org\/{rel}","templated":true}]}}